
{"id":3041,"date":"2023-04-30T17:26:44","date_gmt":"2023-04-30T16:26:44","guid":{"rendered":"https:\/\/imeba.clinic\/?p=3041"},"modified":"2023-05-26T11:31:49","modified_gmt":"2023-05-26T10:31:49","slug":"bichectomia-conoce-sus-pros-y-contras","status":"publish","type":"post","link":"https:\/\/imeba.clinic\/de\/bichectomia-conoce-sus-pros-y-contras\/","title":{"rendered":"Bichectom\u00eda: Conoce sus Pros y Contras\u00a0"},"content":{"rendered":"<p>Tratamientos est\u00e9ticos son muchos, pero pocos poseen la popularidad mundial que la bichectom\u00eda ha ganado en los \u00faltimos a\u00f1os. De hecho, esta t\u00e9cnica se ha puesto en tendencia dentro del mundo del espect\u00e1culo, gracias a su capacidad de <strong>convertir un rostro redondo en uno delgado y alargado<\/strong>.<\/p>\n\n\n\n<p>Sus resultados est\u00e9ticos son casi perfectos. Aun as\u00ed, es importante resaltar que, como todo m\u00e9todo quir\u00fargico, esta cirug\u00eda ofrece a los pacientes una larga serie de pros, a la par de algunas desventajas que debes conocer.&nbsp;<\/p>\n\n\n\n<p>Por ello, con el fin de informarte de manera completa, en este apartado encontrar\u00e1s <strong>todo lo que debes saber acerca de esta cirug\u00eda pl\u00e1stica<\/strong>, incluyendo sus pros y contras.&nbsp;<\/p>\n\n\n\n<h2 class=\"wp-block-heading\">\u00bfPara qu\u00e9 sirve la bichectom\u00eda?<\/h2>\n\n\n\n<p>El rostro humano suele estar conformado por gl\u00e1ndulas, m\u00fasculos y tejido adiposo, siendo este \u00faltimo conocido como bolsas de bichat. Estas bolas se encuentran ubicadas en la zona media del rostro, justo debajo de los p\u00f3mulos y son en su totalidad grasa.&nbsp;<\/p>\n\n\n\n<p>As\u00ed, la bichectom\u00eda se centra en <strong>remover dichos c\u00famulos de grasa del rostro<\/strong> para que este se vea m\u00e1s delgado, mediante peque\u00f1as incisiones en el interior de las mejillas. El proceso es ambulatorio, por lo que no suele suponer una recuperaci\u00f3n tormentosa.&nbsp;<\/p>\n\n\n\n<p>Adem\u00e1s, durante esta t\u00e9cnica se logran remarcar la l\u00ednea de la mand\u00edbula y los p\u00f3mulos, dando como resultado un semblante totalmente perfilado.&nbsp;<\/p>\n\n\n\n<h2 class=\"wp-block-heading\">\u00bfC\u00f3mo es la bichectom\u00eda antes y despu\u00e9s?<\/h2>\n\n\n\n<p>Uno de los temas m\u00e1s tratados acerca de esta pr\u00e1ctica es, los resultados post operatorios o el despu\u00e9s de la intervenci\u00f3n. Aun as\u00ed, es importante tener presente que cada rostro es diferente, por lo que <strong>la apariencia final no es igual en todas las personas<\/strong>.<\/p>\n\n\n\n<p>Antes de la intervenci\u00f3n, el paciente acude a una cita de dise\u00f1o y an\u00e1lisis de la zona a tratar, donde el m\u00e9dico esteticista se encargar\u00e1 de evaluar su situaci\u00f3n.&nbsp;<\/p>\n\n\n\n<p>Una vez acordado el plan a seguir y los posibles resultados, se dar\u00e1 paso a la extracci\u00f3n ambulatoria de las bolsas en el rostro. Esta posee una duraci\u00f3n de 30 a 45 minutos, donde se finaliza el procedimiento y, posteriormente, el paciente puede volver a casa.<\/p>\n\n\n\n<h2 class=\"wp-block-heading\">Cuidados post operatorios<\/h2>\n\n\n\n<p>Cuando se habla de lo que es la bichectom\u00eda y sus consecuencias, generalmente se hace frente a problemas ocasionados por una mala atenci\u00f3n post operatoria. Aun as\u00ed, esta etapa no suele ser tormentosa, pues solo requiere <strong>cuidados b\u00e1sicos c\u00f3mo una buena higiene bucal<\/strong> o colocar compresas fr\u00edas sobre la zona.&nbsp;<\/p>\n\n\n\n<p>Del mismo modo, el m\u00e9dico cirujano suele recetar antibi\u00f3ticos que deber\u00e1s tomar de manera obligatoria, con el fin de favorecer la cicatrizaci\u00f3n de las incisiones. Es recomendable ingerir alimentos l\u00edquidos la primera semana de recuperaci\u00f3n y no consumir nada s\u00f3lido hasta que el m\u00e9dico lo indique.&nbsp;<\/p>\n\n\n\n<p>\u00a1Ojo<strong>! <\/strong>Generalmente luego de las dos semanas las incisiones han cicatrizado perfectamente, siempre que se sigan los debidos cuidados. Por lo tanto, <strong>podr\u00e1s volver a tu rutina normal en poco tiempo<\/strong>.&nbsp;<\/p>\n\n\n\n<h2 class=\"wp-block-heading\">\u00bfCu\u00e1les son sus pros y contras?<\/h2>\n\n\n\n<p>La bichectom\u00eda es una t\u00e9cnica que se ha estado llevando a cabo desde d\u00e9cadas atr\u00e1s, y sus consecuencias comprobadas para la salud son m\u00ednimas. Pese a esto, siempre es importante que conozcas tanto los pros como los contras de cualquier cirug\u00eda antes de someterte a ella. Por tal motivo, aqu\u00ed te va un listado con ambas caras de la moneda:&nbsp;<\/p>\n\n\n\n<h3 class=\"wp-block-heading\">Ventajas<\/h3>\n\n\n\n<p>Adem\u00e1s de la notoria mejora est\u00e9tica que esta intervenci\u00f3n suele suponer, las ventajas que puede brindarle a tu vida son muchas. Entre estas:&nbsp;<\/p>\n\n\n\n<ul class=\"wp-block-list\">\n<li>Gracias a ser una intervenci\u00f3n ambulatoria y llevada a cabo con anestesia local, <strong>esta cirug\u00eda es considerada una t\u00e9cnica no invasiva.&nbsp;<\/strong><\/li>\n\n\n\n<li>Cuando se habla de bichectom\u00eda precio Madrid esta t\u00e9cnica resulta bastante rentable, ya que solo necesita ser realizada una vez. Las bolsas de bichat no volver\u00e1n a producirse en tu rostro, por lo que funciona como inversi\u00f3n \u00fanica.&nbsp;<\/li>\n\n\n\n<li><strong>No se conoce como una t\u00e9cnica dolorosa<\/strong>, por lo que podr\u00e1s olvidarte de malestares posteriores, m\u00e1s all\u00e1 de una peque\u00f1a molestia en la zona al d\u00eda siguiente.&nbsp;<\/li>\n<\/ul>\n\n\n\n<h3 class=\"wp-block-heading\">Desventajas<\/h3>\n\n\n\n<p>Ten en cuenta que, aunque se trata de un m\u00e9todo seguro y controlado, este puede traer consecuencias si no se realiza de manera correcta, tales como:<\/p>\n\n\n\n<ul class=\"wp-block-list\">\n<li>Al ser un tratamiento permanente, si se extrae m\u00e1s grasa de la debida se expone al paciente a la <strong>tendencia de desarrollar flacidez en los a\u00f1os posteriores de su vida<\/strong>. Esto suele notarse una vez inicia el envejecimiento del rostro.&nbsp;<\/li>\n<\/ul>\n\n\n\n<h2 class=\"wp-block-heading\">\u00bfQui\u00e9nes son candidatos?<\/h2>\n\n\n\n<p>\u00bfTe preocupa como puedas lucir tras el proceso? Entonces, es importante tener presente que una bichectom\u00eda suele estar dise\u00f1ada para personas de contextura delgada, pero con rostros gordos o redondos.&nbsp;<\/p>\n\n\n\n<p>Si bien, casi cualquier persona con buena salud puede someterse a este tratamiento, medicamente se aconseja para individuos con un <strong>exceso de grasa en la zona debido a condiciones gen\u00e9ticas<\/strong>.&nbsp;<\/p>\n\n\n\n<p>Por ello, si est\u00e1s en forma o has perdido peso y tu rostro sigue igual, es m\u00e1s que probable que esta intervenci\u00f3n te vaya de maravilla. &nbsp;<\/p>\n\n\n\n<h2 class=\"wp-block-heading\">Bichectom\u00eda precio<\/h2>\n\n\n\n<p>Dentro de Espa\u00f1a, al hablar de cu\u00e1nto vale una bichectom\u00eda se suele enfrentar a una larga serie de precios capaces de variar seg\u00fan la zona o cl\u00ednica a la que recurras. &nbsp;<\/p>\n\n\n\n<p>Generalmente, el valor de esta intervenci\u00f3n suele estar promediado entre los 1.500 y 2.000 euros, <strong>seg\u00fan los ex\u00e1menes, an\u00e1lisis y t\u00e9cnicas que deban involucrarse<\/strong>.<\/p>\n\n\n\n<p>Aun as\u00ed, es importante que recuerdes que cada paciente es diferente, por lo que el valor real de esta cirug\u00eda depender\u00e1 de tu condici\u00f3n particular. &nbsp;<\/p>\n\n\n\n<h2 class=\"wp-block-heading\">Tu tratamiento en manos profesionales&nbsp;<\/h2>\n\n\n\n<p>Ahora que ya conoces todo lo que una bichectom\u00eda puede hacerle a tu rostro, es posible que te preguntes d\u00f3nde puedes realiz\u00e1rtela dentro de Espa\u00f1a.<\/p>\n\n\n\n<p>Si necesitas hacerte una <a href=\"https:\/\/imeba.clinic\/de\/obten-una-bichectomia-en-palma-de-mallorca\/\">Bichectom\u00eda en Palma de Mallorca<\/a>, en <a href=\"https:\/\/imeba.clinic\/de\/\">IMEBA<\/a> <strong>somos los mejores cuando de medicina est\u00e9tica en Mallorca se trata<\/strong>. Nuestra cl\u00ednica est\u00e1 conformada por profesionales de alta calidad con un amplio recorrido dentro de las diferentes t\u00e9cnicas de belleza y cirug\u00eda pl\u00e1stica.<\/p>\n\n\n\n<p>Por ello, no dudes en ponerte en contacto con nosotros y solicitar informaci\u00f3n acerca de nuestros planes personalizados. \u00a1Que nada te aleje de lucir el rostro de tus sue\u00f1os! &nbsp;<\/p>","protected":false},"excerpt":{"rendered":"<p>Tratamientos est\u00e9ticos son muchos, pero pocos poseen la popularidad mundial que la bichectom\u00eda ha ganado en los \u00faltimos a\u00f1os. De hecho, esta t\u00e9cnica se ha puesto en tendencia dentro del mundo del espect\u00e1culo, gracias a su capacidad de convertir un rostro redondo en uno delgado y alargado. Sus resultados est\u00e9ticos son casi perfectos. Aun as\u00ed, [&hellip;]<\/p>","protected":false},"author":1,"featured_media":0,"comment_status":"closed","ping_status":"closed","sticky":false,"template":"","format":"standard","meta":{"footnotes":""},"categories":[25],"tags":[],"class_list":["post-3041","post","type-post","status-publish","format-standard","hentry","category-tratamiento-facial"],"yoast_head":"<!-- This site is optimized with the Yoast SEO plugin v25.8 - https:\/\/yoast.com\/wordpress\/plugins\/seo\/ -->\n<title>Bichectom\u00eda: Conoce sus Pros y Contras\u00a0 - Clinicas IMEBA\u00ae<\/title>\n<meta name=\"description\" content=\"\u00bfQuieres conocer los pros y los contras de la bichectom\u00eda? En este art\u00edculo te lo contamos. Cl\u00ednica de Medicina Est\u00e9tica Especializada.\" \/>\n<meta name=\"robots\" content=\"index, follow, max-snippet:-1, max-image-preview:large, max-video-preview:-1\" \/>\n<link rel=\"canonical\" href=\"https:\/\/imeba.clinic\/de\/bichectomia-conoce-sus-pros-y-contras\/\" \/>\n<meta property=\"og:locale\" content=\"de_DE\" \/>\n<meta property=\"og:type\" content=\"article\" \/>\n<meta property=\"og:title\" content=\"Bichectom\u00eda: Conoce sus Pros y Contras\u00a0 - Clinicas IMEBA\u00ae\" \/>\n<meta property=\"og:description\" content=\"\u00bfQuieres conocer los pros y los contras de la bichectom\u00eda? En este art\u00edculo te lo contamos. Cl\u00ednica de Medicina Est\u00e9tica Especializada.\" \/>\n<meta property=\"og:url\" content=\"https:\/\/imeba.clinic\/de\/bichectomia-conoce-sus-pros-y-contras\/\" \/>\n<meta property=\"og:site_name\" content=\"Clinicas IMEBA\u00ae\" \/>\n<meta property=\"article:publisher\" content=\"https:\/\/www.facebook.com\/clinicasimebamallorca\" \/>\n<meta property=\"article:published_time\" content=\"2023-04-30T16:26:44+00:00\" \/>\n<meta property=\"article:modified_time\" content=\"2023-05-26T10:31:49+00:00\" \/>\n<meta property=\"og:image\" content=\"http:\/\/imeba.clinic\/wp-content\/uploads\/2023\/04\/bichectomia-conoce-sus-pros-y-contras.jpg\" \/>\n\t<meta property=\"og:image:width\" content=\"900\" \/>\n\t<meta property=\"og:image:height\" content=\"601\" \/>\n\t<meta property=\"og:image:type\" content=\"image\/jpeg\" \/>\n<meta name=\"author\" content=\"Admin\" \/>\n<meta name=\"twitter:card\" content=\"summary_large_image\" \/>\n<meta name=\"twitter:creator\" content=\"@IMEBAInfo\" \/>\n<meta name=\"twitter:site\" content=\"@IMEBAInfo\" \/>\n<meta name=\"twitter:label1\" content=\"Verfasst von\" \/>\n\t<meta name=\"twitter:data1\" content=\"Admin\" \/>\n\t<meta name=\"twitter:label2\" content=\"Gesch\u00e4tzte Lesezeit\" \/>\n\t<meta name=\"twitter:data2\" content=\"5\u00a0Minuten\" \/>\n<script type=\"application\/ld+json\" class=\"yoast-schema-graph\">{\"@context\":\"https:\/\/schema.org\",\"@graph\":[{\"@type\":\"Article\",\"@id\":\"https:\/\/imeba.clinic\/bichectomia-conoce-sus-pros-y-contras\/#article\",\"isPartOf\":{\"@id\":\"https:\/\/imeba.clinic\/bichectomia-conoce-sus-pros-y-contras\/\"},\"author\":{\"name\":\"Admin\",\"@id\":\"https:\/\/imeba.clinic\/#\/schema\/person\/7982c39a13132403c70addd6f7559929\"},\"headline\":\"Bichectom\u00eda: Conoce sus Pros y Contras\u00a0\",\"datePublished\":\"2023-04-30T16:26:44+00:00\",\"dateModified\":\"2023-05-26T10:31:49+00:00\",\"mainEntityOfPage\":{\"@id\":\"https:\/\/imeba.clinic\/bichectomia-conoce-sus-pros-y-contras\/\"},\"wordCount\":1134,\"publisher\":{\"@id\":\"https:\/\/imeba.clinic\/#organization\"},\"articleSection\":[\"Tratamiento Facial\"],\"inLanguage\":\"de\"},{\"@type\":\"WebPage\",\"@id\":\"https:\/\/imeba.clinic\/bichectomia-conoce-sus-pros-y-contras\/\",\"url\":\"https:\/\/imeba.clinic\/bichectomia-conoce-sus-pros-y-contras\/\",\"name\":\"Bichectom\u00eda: Conoce sus Pros y Contras\u00a0 - Clinicas IMEBA\u00ae\",\"isPartOf\":{\"@id\":\"https:\/\/imeba.clinic\/#website\"},\"datePublished\":\"2023-04-30T16:26:44+00:00\",\"dateModified\":\"2023-05-26T10:31:49+00:00\",\"description\":\"\u00bfQuieres conocer los pros y los contras de la bichectom\u00eda? En este art\u00edculo te lo contamos. Cl\u00ednica de Medicina Est\u00e9tica Especializada.\",\"breadcrumb\":{\"@id\":\"https:\/\/imeba.clinic\/bichectomia-conoce-sus-pros-y-contras\/#breadcrumb\"},\"inLanguage\":\"de\",\"potentialAction\":[{\"@type\":\"ReadAction\",\"target\":[\"https:\/\/imeba.clinic\/bichectomia-conoce-sus-pros-y-contras\/\"]}]},{\"@type\":\"BreadcrumbList\",\"@id\":\"https:\/\/imeba.clinic\/bichectomia-conoce-sus-pros-y-contras\/#breadcrumb\",\"itemListElement\":[{\"@type\":\"ListItem\",\"position\":1,\"name\":\"Portada\",\"item\":\"https:\/\/imeba.clinic\/\"},{\"@type\":\"ListItem\",\"position\":2,\"name\":\"Bichectom\u00eda: Conoce sus Pros y Contras\u00a0\"}]},{\"@type\":\"WebSite\",\"@id\":\"https:\/\/imeba.clinic\/#website\",\"url\":\"https:\/\/imeba.clinic\/\",\"name\":\"Clinicas IMEBA\u00ae\",\"description\":\"Medicina estetica cirugia facial\",\"publisher\":{\"@id\":\"https:\/\/imeba.clinic\/#organization\"},\"potentialAction\":[{\"@type\":\"SearchAction\",\"target\":{\"@type\":\"EntryPoint\",\"urlTemplate\":\"https:\/\/imeba.clinic\/?s={search_term_string}\"},\"query-input\":{\"@type\":\"PropertyValueSpecification\",\"valueRequired\":true,\"valueName\":\"search_term_string\"}}],\"inLanguage\":\"de\"},{\"@type\":\"Organization\",\"@id\":\"https:\/\/imeba.clinic\/#organization\",\"name\":\"Clinicas IMEBA\u00ae\",\"url\":\"https:\/\/imeba.clinic\/\",\"logo\":{\"@type\":\"ImageObject\",\"inLanguage\":\"de\",\"@id\":\"https:\/\/imeba.clinic\/#\/schema\/logo\/image\/\",\"url\":\"https:\/\/imeba.clinic\/wp-content\/uploads\/2023\/01\/cropped-11722351_740325796094007_2206264894896353109_o.jpg\",\"contentUrl\":\"https:\/\/imeba.clinic\/wp-content\/uploads\/2023\/01\/cropped-11722351_740325796094007_2206264894896353109_o.jpg\",\"width\":1221,\"height\":349,\"caption\":\"Clinicas IMEBA\u00ae\"},\"image\":{\"@id\":\"https:\/\/imeba.clinic\/#\/schema\/logo\/image\/\"},\"sameAs\":[\"https:\/\/www.facebook.com\/clinicasimebamallorca\",\"https:\/\/x.com\/IMEBAInfo\",\"https:\/\/www.youtube.com\/@TorstenMarin\"]},{\"@type\":\"Person\",\"@id\":\"https:\/\/imeba.clinic\/#\/schema\/person\/7982c39a13132403c70addd6f7559929\",\"name\":\"Admin\",\"sameAs\":[\"https:\/\/imeba.clinic\"],\"url\":\"https:\/\/imeba.clinic\/de\/author\/admin\/\"}]}<\/script>\n<!-- \/ Yoast SEO plugin. -->","yoast_head_json":{"title":"Bichectom\u00eda: Conoce sus Pros y Contras\u00a0 - Clinicas IMEBA\u00ae","description":"\u00bfQuieres conocer los pros y los contras de la bichectom\u00eda? En este art\u00edculo te lo contamos. Cl\u00ednica de Medicina Est\u00e9tica Especializada.","robots":{"index":"index","follow":"follow","max-snippet":"max-snippet:-1","max-image-preview":"max-image-preview:large","max-video-preview":"max-video-preview:-1"},"canonical":"https:\/\/imeba.clinic\/de\/bichectomia-conoce-sus-pros-y-contras\/","og_locale":"de_DE","og_type":"article","og_title":"Bichectom\u00eda: Conoce sus Pros y Contras\u00a0 - Clinicas IMEBA\u00ae","og_description":"\u00bfQuieres conocer los pros y los contras de la bichectom\u00eda? En este art\u00edculo te lo contamos. Cl\u00ednica de Medicina Est\u00e9tica Especializada.","og_url":"https:\/\/imeba.clinic\/de\/bichectomia-conoce-sus-pros-y-contras\/","og_site_name":"Clinicas IMEBA\u00ae","article_publisher":"https:\/\/www.facebook.com\/clinicasimebamallorca","article_published_time":"2023-04-30T16:26:44+00:00","article_modified_time":"2023-05-26T10:31:49+00:00","og_image":[{"width":900,"height":601,"url":"http:\/\/imeba.clinic\/wp-content\/uploads\/2023\/04\/bichectomia-conoce-sus-pros-y-contras.jpg","type":"image\/jpeg"}],"author":"Admin","twitter_card":"summary_large_image","twitter_creator":"@IMEBAInfo","twitter_site":"@IMEBAInfo","twitter_misc":{"Verfasst von":"Admin","Gesch\u00e4tzte Lesezeit":"5\u00a0Minuten"},"schema":{"@context":"https:\/\/schema.org","@graph":[{"@type":"Article","@id":"https:\/\/imeba.clinic\/bichectomia-conoce-sus-pros-y-contras\/#article","isPartOf":{"@id":"https:\/\/imeba.clinic\/bichectomia-conoce-sus-pros-y-contras\/"},"author":{"name":"Admin","@id":"https:\/\/imeba.clinic\/#\/schema\/person\/7982c39a13132403c70addd6f7559929"},"headline":"Bichectom\u00eda: Conoce sus Pros y Contras\u00a0","datePublished":"2023-04-30T16:26:44+00:00","dateModified":"2023-05-26T10:31:49+00:00","mainEntityOfPage":{"@id":"https:\/\/imeba.clinic\/bichectomia-conoce-sus-pros-y-contras\/"},"wordCount":1134,"publisher":{"@id":"https:\/\/imeba.clinic\/#organization"},"articleSection":["Tratamiento Facial"],"inLanguage":"de"},{"@type":"WebPage","@id":"https:\/\/imeba.clinic\/bichectomia-conoce-sus-pros-y-contras\/","url":"https:\/\/imeba.clinic\/bichectomia-conoce-sus-pros-y-contras\/","name":"Bichectom\u00eda: Conoce sus Pros y Contras\u00a0 - Clinicas IMEBA\u00ae","isPartOf":{"@id":"https:\/\/imeba.clinic\/#website"},"datePublished":"2023-04-30T16:26:44+00:00","dateModified":"2023-05-26T10:31:49+00:00","description":"\u00bfQuieres conocer los pros y los contras de la bichectom\u00eda? En este art\u00edculo te lo contamos. Cl\u00ednica de Medicina Est\u00e9tica Especializada.","breadcrumb":{"@id":"https:\/\/imeba.clinic\/bichectomia-conoce-sus-pros-y-contras\/#breadcrumb"},"inLanguage":"de","potentialAction":[{"@type":"ReadAction","target":["https:\/\/imeba.clinic\/bichectomia-conoce-sus-pros-y-contras\/"]}]},{"@type":"BreadcrumbList","@id":"https:\/\/imeba.clinic\/bichectomia-conoce-sus-pros-y-contras\/#breadcrumb","itemListElement":[{"@type":"ListItem","position":1,"name":"Portada","item":"https:\/\/imeba.clinic\/"},{"@type":"ListItem","position":2,"name":"Bichectom\u00eda: Conoce sus Pros y Contras\u00a0"}]},{"@type":"WebSite","@id":"https:\/\/imeba.clinic\/#website","url":"https:\/\/imeba.clinic\/","name":"Clinicas IMEBA\u00ae","description":"Medicina estetica cirugia facial","publisher":{"@id":"https:\/\/imeba.clinic\/#organization"},"potentialAction":[{"@type":"SearchAction","target":{"@type":"EntryPoint","urlTemplate":"https:\/\/imeba.clinic\/?s={search_term_string}"},"query-input":{"@type":"PropertyValueSpecification","valueRequired":true,"valueName":"search_term_string"}}],"inLanguage":"de"},{"@type":"Organization","@id":"https:\/\/imeba.clinic\/#organization","name":"Clinicas IMEBA\u00ae","url":"https:\/\/imeba.clinic\/","logo":{"@type":"ImageObject","inLanguage":"de","@id":"https:\/\/imeba.clinic\/#\/schema\/logo\/image\/","url":"https:\/\/imeba.clinic\/wp-content\/uploads\/2023\/01\/cropped-11722351_740325796094007_2206264894896353109_o.jpg","contentUrl":"https:\/\/imeba.clinic\/wp-content\/uploads\/2023\/01\/cropped-11722351_740325796094007_2206264894896353109_o.jpg","width":1221,"height":349,"caption":"Clinicas IMEBA\u00ae"},"image":{"@id":"https:\/\/imeba.clinic\/#\/schema\/logo\/image\/"},"sameAs":["https:\/\/www.facebook.com\/clinicasimebamallorca","https:\/\/x.com\/IMEBAInfo","https:\/\/www.youtube.com\/@TorstenMarin"]},{"@type":"Person","@id":"https:\/\/imeba.clinic\/#\/schema\/person\/7982c39a13132403c70addd6f7559929","name":"Admin","sameAs":["https:\/\/imeba.clinic"],"url":"https:\/\/imeba.clinic\/de\/author\/admin\/"}]}},"_links":{"self":[{"href":"https:\/\/imeba.clinic\/de\/wp-json\/wp\/v2\/posts\/3041","targetHints":{"allow":["GET"]}}],"collection":[{"href":"https:\/\/imeba.clinic\/de\/wp-json\/wp\/v2\/posts"}],"about":[{"href":"https:\/\/imeba.clinic\/de\/wp-json\/wp\/v2\/types\/post"}],"author":[{"embeddable":true,"href":"https:\/\/imeba.clinic\/de\/wp-json\/wp\/v2\/users\/1"}],"replies":[{"embeddable":true,"href":"https:\/\/imeba.clinic\/de\/wp-json\/wp\/v2\/comments?post=3041"}],"version-history":[{"count":0,"href":"https:\/\/imeba.clinic\/de\/wp-json\/wp\/v2\/posts\/3041\/revisions"}],"wp:attachment":[{"href":"https:\/\/imeba.clinic\/de\/wp-json\/wp\/v2\/media?parent=3041"}],"wp:term":[{"taxonomy":"category","embeddable":true,"href":"https:\/\/imeba.clinic\/de\/wp-json\/wp\/v2\/categories?post=3041"},{"taxonomy":"post_tag","embeddable":true,"href":"https:\/\/imeba.clinic\/de\/wp-json\/wp\/v2\/tags?post=3041"}],"curies":[{"name":"wp","href":"https:\/\/api.w.org\/{rel}","templated":true}]}}